{"id":2375,"date":"2017-06-12T22:32:41","date_gmt":"2017-06-12T20:32:41","guid":{"rendered":"http:\/\/www.musikverein-holzhausen.at\/?p=2375"},"modified":"2017-06-22T15:50:03","modified_gmt":"2017-06-22T13:50:03","slug":"marschwertung-und-blasmusiksonntag","status":"publish","type":"post","link":"https:\/\/www.musikverein-holzhausen.at\/index.php\/2017\/06\/12\/marschwertung-und-blasmusiksonntag\/","title":{"rendered":"Marschwertung und Blasmusiksonntag"},"content":{"rendered":"<p>Unser Musikverein kann auf ein sehr ereignisreiches Wochenende zur\u00fcckblicken! Zuerst nahmen wir an der Marschwertung in St. Florian (Bezirk Linz Land) teil. Die intensiven Proben (geleitet von unserem Obmann und Stabf\u00fchrer, Andreas Gruber) haben sich definitiv ausgezahlt, da wir ein Gesamtergebnis von <strong>91, 88 Punkten<\/strong> und somit eine <strong>Ausgezeichneten Erfolg<\/strong> erreichen konnten.<\/p>\n<p><img data-recalc-dims=\"1\" fetchpriority=\"high\" decoding=\"async\" data-attachment-id=\"2377\" data-permalink=\"https:\/\/www.musikverein-holzhausen.at\/index.php\/2017\/06\/12\/marschwertung-und-blasmusiksonntag\/19055282_1446454838744683_3536903043424611072_o\/\" data-orig-file=\"https:\/\/i0.wp.com\/www.musikverein-holzhausen.at\/wp-content\/uploads\/2017\/06\/19055282_1446454838744683_3536903043424611072_o-e1497299287567.jpg?fit=982%2C719&amp;ssl=1\" data-orig-size=\"982,719\" data-comments-opened=\"0\" data-image-meta=\"{&quot;aperture&quot;:&quot;0&quot;,&quot;credit&quot;:&quot;&quot;,&quot;camera&quot;:&quot;&quot;,&quot;caption&quot;:&quot;&quot;,&quot;created_timestamp&quot;:&quot;0&quot;,&quot;copyright&quot;:&quot;&quot;,&quot;focal_length&quot;:&quot;0&quot;,&quot;iso&quot;:&quot;0&quot;,&quot;shutter_speed&quot;:&quot;0&quot;,&quot;title&quot;:&quot;&quot;,&quot;orientation&quot;:&quot;0&quot;}\" data-image-title=\"19055282_1446454838744683_3536903043424611072_o\" data-image-description=\"\" data-image-caption=\"\" data-large-file=\"https:\/\/i0.wp.com\/www.musikverein-holzhausen.at\/wp-content\/uploads\/2017\/06\/19055282_1446454838744683_3536903043424611072_o-e1497299287567.jpg?fit=800%2C450&amp;ssl=1\" class=\"wp-image-2377 aligncenter\" src=\"https:\/\/i0.wp.com\/www.musikverein-holzhausen.at\/wp-content\/uploads\/2017\/06\/19055282_1446454838744683_3536903043424611072_o-e1497299287567.jpg?resize=588%2C431\" alt=\"\" width=\"588\" height=\"431\" srcset=\"https:\/\/i0.wp.com\/www.musikverein-holzhausen.at\/wp-content\/uploads\/2017\/06\/19055282_1446454838744683_3536903043424611072_o-e1497299287567.jpg?w=982&amp;ssl=1 982w, https:\/\/i0.wp.com\/www.musikverein-holzhausen.at\/wp-content\/uploads\/2017\/06\/19055282_1446454838744683_3536903043424611072_o-e1497299287567.jpg?resize=300%2C220&amp;ssl=1 300w, https:\/\/i0.wp.com\/www.musikverein-holzhausen.at\/wp-content\/uploads\/2017\/06\/19055282_1446454838744683_3536903043424611072_o-e1497299287567.jpg?resize=768%2C562&amp;ssl=1 768w\" sizes=\"(max-width: 588px) 100vw, 588px\" \/><\/p>\n<p>Das geh\u00f6rt nat\u00fcrlich ordentlich gefeiert, trotzdem waren wir am n\u00e4chsten Tag gleich wieder voll im Einsatz und durften den traditionellen Blasmusiksonntag in Buchkirchen musikalisch umrahmen. Es hat uns sehr viel Spa\u00df gemacht und wir bedanken uns sehr herzlich beim Musikverein Buchkirchen f\u00fcr die Einladung!<\/p>\nngg_shortcode_0_placeholder\n","protected":false},"excerpt":{"rendered":"<p>Unser Musikverein kann auf ein sehr ereignisreiches Wochenende zur\u00fcckblicken! Zuerst nahmen wir an der Marschwertung in St. Florian (Bezirk Linz Land) teil. Die intensiven Proben (geleitet von unserem Obmann und &#8230;<\/p>\n","protected":false},"author":1,"featured_media":2390,"comment_status":"closed","ping_status":"closed","sticky":false,"template":"","format":"standard","meta":{"ngg_post_thumbnail":0,"jetpack_post_was_ever_published":false,"_jetpack_newsletter_access":"","_jetpack_dont_email_post_to_subs":false,"_jetpack_newsletter_tier_id":0,"_jetpack_memberships_contains_paywalled_content":false,"_jetpack_memberships_contains_paid_content":false,"footnotes":"","jetpack_publicize_message":"","jetpack_publicize_feature_enabled":true,"jetpack_social_post_already_shared":true,"jetpack_social_options":{"image_generator_settings":{"template":"highway","default_image_id":0,"font":"","enabled":false},"version":2}},"categories":[1],"tags":[222,223,7,221],"class_list":["post-2375","post","type-post","status-publish","format-standard","has-post-thumbnail","hentry","category-allgemein","tag-blasmusiksonntag","tag-fruehschoppen","tag-marschwertung","tag-st-florian"],"jetpack_publicize_connections":[],"jetpack_featured_media_url":"https:\/\/i0.wp.com\/www.musikverein-holzhausen.at\/wp-content\/uploads\/ngg_featured\/19025024_1359705634112120_2600491482984950895_o.jpg?fit=2048%2C1536&ssl=1","jetpack_sharing_enabled":true,"jetpack_shortlink":"https:\/\/wp.me\/p8pnNx-Cj","_links":{"self":[{"href":"https:\/\/www.musikverein-holzhausen.at\/index.php\/wp-json\/wp\/v2\/posts\/2375","targetHints":{"allow":["GET"]}}],"collection":[{"href":"https:\/\/www.musikverein-holzhausen.at\/index.php\/wp-json\/wp\/v2\/posts"}],"about":[{"href":"https:\/\/www.musikverein-holzhausen.at\/index.php\/wp-json\/wp\/v2\/types\/post"}],"author":[{"embeddable":true,"href":"https:\/\/www.musikverein-holzhausen.at\/index.php\/wp-json\/wp\/v2\/users\/1"}],"replies":[{"embeddable":true,"href":"https:\/\/www.musikverein-holzhausen.at\/index.php\/wp-json\/wp\/v2\/comments?post=2375"}],"version-history":[{"count":0,"href":"https:\/\/www.musikverein-holzhausen.at\/index.php\/wp-json\/wp\/v2\/posts\/2375\/revisions"}],"wp:featuredmedia":[{"embeddable":true,"href":"https:\/\/www.musikverein-holzhausen.at\/index.php\/wp-json\/wp\/v2\/media\/2390"}],"wp:attachment":[{"href":"https:\/\/www.musikverein-holzhausen.at\/index.php\/wp-json\/wp\/v2\/media?parent=2375"}],"wp:term":[{"taxonomy":"category","embeddable":true,"href":"https:\/\/www.musikverein-holzhausen.at\/index.php\/wp-json\/wp\/v2\/categories?post=2375"},{"taxonomy":"post_tag","embeddable":true,"href":"https:\/\/www.musikverein-holzhausen.at\/index.php\/wp-json\/wp\/v2\/tags?post=2375"}],"curies":[{"name":"wp","href":"https:\/\/api.w.org\/{rel}","templated":true}]}}