{"id":4336,"date":"2023-10-11T21:14:21","date_gmt":"2023-10-11T19:14:21","guid":{"rendered":"https:\/\/www.musikverein-holzhausen.at\/?p=4336"},"modified":"2023-10-11T21:21:40","modified_gmt":"2023-10-11T19:21:40","slug":"rueckblick-sommer-2023","status":"publish","type":"post","link":"https:\/\/www.musikverein-holzhausen.at\/index.php\/2023\/10\/11\/rueckblick-sommer-2023\/","title":{"rendered":"R\u00fcckblick Sommer 2023"},"content":{"rendered":"\t\t<div data-elementor-type=\"wp-post\" data-elementor-id=\"4336\" class=\"elementor elementor-4336\">\n\t\t\t\t\t\t<section class=\"elementor-section elementor-top-section elementor-element elementor-element-9478516 elementor-section-boxed elementor-section-height-default elementor-section-height-default\" data-id=\"9478516\" data-element_type=\"section\" data-e-type=\"section\">\n\t\t\t\t\t\t<div class=\"elementor-container elementor-column-gap-default\">\n\t\t\t\t\t<div class=\"elementor-column elementor-col-100 elementor-top-column elementor-element elementor-element-3530585\" data-id=\"3530585\" data-element_type=\"column\" data-e-type=\"column\">\n\t\t\t<div class=\"elementor-widget-wrap elementor-element-populated\">\n\t\t\t\t\t\t<div class=\"elementor-element elementor-element-1e25315 elementor-widget elementor-widget-text-editor\" data-id=\"1e25315\" data-element_type=\"widget\" data-e-type=\"widget\" data-widget_type=\"text-editor.default\">\n\t\t\t\t<div class=\"elementor-widget-container\">\n\t\t\t\t\t\t\t\t\t<p>Viel zu schnell sind die erholsamen Sommerwochen vergangen \u2013 aber das wundert uns nicht, denn diesen Sommer war im und rund um den MVH sprichw\u00f6rtlich \u201eder B\u00e4r los\u201c.<br>Doch beginnen wir die R\u00fcckschau der Reihe nach.<\/p>\n<p>Die Marschwertung in der Stufe D am 17. Juni meisterten wir mit unserem erprobten Stabf\u00fchrer Andi Gruber und unseren treuen Fans zum Mitfiebern auch heuer wieder mit einer Auszeichnung.&nbsp;<\/p>\n<p>Am selben Tag gab es aber auch eine Hochzeit in unseren Reihen \u2013 Marketenderin Julia V\u00f6lk gab ihrem Simon Drausinger das Jawort. Wir gratulieren Euch nochmal ganz herzlich! Tags darauf, am 18. Juni, durften wir den Holzhausener Kirtag bei herrlichstem Wetter musikalisch umrahmen \u2013 danke auch hier den zahlreichen G\u00e4ste<\/p>\n<p><span style=\"color: var( --e-global-color-text ); font-family: var( --e-global-typography-text-font-family ), Sans-serif; font-weight: var( --e-global-typography-text-font-weight ); font-size: 0.875rem;\">Kurz nach der Sonnwendfeier am 23. Juni gab es am 26. Juni ein <\/span><span style=\"color: var( --e-global-color-text ); font-family: var( --e-global-typography-text-font-family ), Sans-serif; font-weight: var( --e-global-typography-text-font-weight ); font-size: 0.875rem;\">weiteres Highlight \u2013 Lisa und Christian Greinecker konnten ihren Konstantin zum <\/span><span style=\"color: var( --e-global-color-text ); font-family: var( --e-global-typography-text-font-family ), Sans-serif; font-weight: var( --e-global-typography-text-font-weight ); font-size: 0.875rem;\">ersten Mal in H\u00e4nden halten! Wir freuen uns mit Euch \u00fcber die Geburt Eures <\/span><span style=\"color: var( --e-global-color-text ); font-family: var( --e-global-typography-text-font-family ), Sans-serif; font-weight: var( --e-global-typography-text-font-weight ); font-size: 0.875rem;\">Sohnes!<\/span><\/p>\n<p>Eine gute Woche sp\u00e4ter, am 8. Juli, konnten wir unseren Schlagwerker Raphael Gr\u00fcneis und seine Braut Veronika Kirschner musikalisch in die Ehe begleiten \u2013 auch hier nochmal unseren herzlichen Gl\u00fcckwunsch zur Hochzeit Euch beiden!<\/p>\n<p>Das Teichfest spricht f\u00fcr sich \u2013 bei Kaiserwetter durften die Freiwillige Feuerwehr Holzhausen und der MVH an drei Tagen viele Besucher begr\u00fc\u00dfen; danke der FF f\u00fcr ihren gro\u00dfartigen Einsatz und den G\u00e4sten, die nicht nur beim Fr\u00fchschoppen zahlreich erschienen!<\/p>\n<p>Liebe LeserInnen, es geht noch weiter: unsere Trompeterin Marlies Putz und ihr Giulian wurden am 29. Juli zum zweiten Mal Eltern: herzlich willkommen Matthias und herzlichen Gl\u00fcckwunsch!<\/p>\n<p>Auch beim Holzhausener Volleyballturnier mischte der MVH unter der bew\u00e4hrten F\u00fchrung unseres Andi Klebl kr\u00e4ftig mit. Unser Jugendreferenten-Team begann die neue Saison der MV-Juniors mit einer Party samt \u00dcbernachtung im Probeheim \u2013 der Spa\u00df stand nat\u00fcrlich an vorderster Stelle! Danke sch\u00f6n!&nbsp;<\/p>\n<p>Wir versichern Euch, dass auch der Herbst viele sch\u00f6ne Momente bescheren wird \u2013 Neben dem traiditonellen Erntedankfest mit anschlie\u00dfendem von der Pfarre organisiertem Herbstfest feierten wir auch die gemeinsame 100-Jahre Feier von Thomas und Manuela Reinprecht.<\/p>\n<p>Und geheiratet wurde auch noch einmal: Gregor Angerlehner und seine Frau Anna gaben sich das Ja-Wort, wo wir auch bei den Feierlichkeiten musikalisch aktiv dabei waren. Wir w\u00fcnschen euch alles Gute f\u00fcr den neuen gemeinsamen Lebensabschnitt.<\/p>\n<p>Wir freuen uns, Sie bei verschiedenen kirchlichen Ausr\u00fcckungen und nat\u00fcrlich bei unserem Herbstkonzert am 18. November zu sehen und musikalisch verw\u00f6hnen zu d\u00fcrfen!<\/p>\t\t\t\t\t\t\t\t<\/div>\n\t\t\t\t<\/div>\n\t\t\t\t\t<\/div>\n\t\t<\/div>\n\t\t\t\t\t<\/div>\n\t\t<\/section>\n\t\t\t\t<\/div>\n\t\t","protected":false},"excerpt":{"rendered":"<p>Viel zu schnell sind die erholsamen Sommerwochen vergangen \u2013 aber das wundert uns nicht, denn diesen Sommer war im und rund um den MVH sprichw\u00f6rtlich \u201eder B\u00e4r los\u201c.Doch beginnen wir &#8230;<\/p>\n","protected":false},"author":2,"featured_media":0,"comment_status":"closed","ping_status":"closed","sticky":false,"template":"","format":"standard","meta":{"ngg_post_thumbnail":0,"jetpack_post_was_ever_published":false,"_jetpack_newsletter_access":"","_jetpack_dont_email_post_to_subs":false,"_jetpack_newsletter_tier_id":0,"_jetpack_memberships_contains_paywalled_content":false,"_jetpack_memberships_contains_paid_content":false,"footnotes":"","jetpack_publicize_message":"","jetpack_publicize_feature_enabled":true,"jetpack_social_post_already_shared":true,"jetpack_social_options":{"image_generator_settings":{"template":"highway","default_image_id":0,"font":"","enabled":false},"version":2}},"categories":[1],"tags":[],"class_list":["post-4336","post","type-post","status-publish","format-standard","hentry","category-allgemein"],"jetpack_publicize_connections":[],"jetpack_featured_media_url":"","jetpack_sharing_enabled":true,"jetpack_shortlink":"https:\/\/wp.me\/p8pnNx-17W","_links":{"self":[{"href":"https:\/\/www.musikverein-holzhausen.at\/index.php\/wp-json\/wp\/v2\/posts\/4336","targetHints":{"allow":["GET"]}}],"collection":[{"href":"https:\/\/www.musikverein-holzhausen.at\/index.php\/wp-json\/wp\/v2\/posts"}],"about":[{"href":"https:\/\/www.musikverein-holzhausen.at\/index.php\/wp-json\/wp\/v2\/types\/post"}],"author":[{"embeddable":true,"href":"https:\/\/www.musikverein-holzhausen.at\/index.php\/wp-json\/wp\/v2\/users\/2"}],"replies":[{"embeddable":true,"href":"https:\/\/www.musikverein-holzhausen.at\/index.php\/wp-json\/wp\/v2\/comments?post=4336"}],"version-history":[{"count":0,"href":"https:\/\/www.musikverein-holzhausen.at\/index.php\/wp-json\/wp\/v2\/posts\/4336\/revisions"}],"wp:attachment":[{"href":"https:\/\/www.musikverein-holzhausen.at\/index.php\/wp-json\/wp\/v2\/media?parent=4336"}],"wp:term":[{"taxonomy":"category","embeddable":true,"href":"https:\/\/www.musikverein-holzhausen.at\/index.php\/wp-json\/wp\/v2\/categories?post=4336"},{"taxonomy":"post_tag","embeddable":true,"href":"https:\/\/www.musikverein-holzhausen.at\/index.php\/wp-json\/wp\/v2\/tags?post=4336"}],"curies":[{"name":"wp","href":"https:\/\/api.w.org\/{rel}","templated":true}]}}